{"id":1027,"date":"2018-12-05T14:53:06","date_gmt":"2018-12-05T13:53:06","guid":{"rendered":"https:\/\/www.reisenblog.ch\/blog\/?p=1027"},"modified":"2019-07-29T15:00:47","modified_gmt":"2019-07-29T14:00:47","slug":"photowalk-sils-baselgia","status":"publish","type":"post","link":"https:\/\/www.reisenblog.ch\/blog\/photowalks\/photowalk-sils-baselgia\/","title":{"rendered":"Photowalk Sils-Baselgia"},"content":{"rendered":"<p style=\"text-align: justify;\">Es muss nicht immer eine grosse Tour sein. In dieser Serie werde ich verschiedene Orte, vorzugsweise in <a href=\"\/blog\/thema\/graubuenden\/\">Graub\u00fcnden<\/a>, besuchen. Ohne grosse Strecken zu laufen, versuche ich beim <a href=\"\/blog\/thema\/photowalk\/\">Photowalk<\/a>, zu Deutsch <a href=\"\/blog\/thema\/fotospaziergang\/\">Fotospaziergang<\/a>, m\u00f6glichst viele interessante Motive in einem kleinen Umkreis mit meiner Kamera einzufangen.<\/p>\n<p><script async=\"\" src=\"\/\/pagead2.googlesyndication.com\/pagead\/js\/adsbygoogle.js\"><\/script><br \/>\n<!-- Reisenblog.ch --><br \/>\n<ins class=\"adsbygoogle\" style=\"display: block;\" data-ad-client=\"ca-pub-7742523326280891\" data-ad-slot=\"7218541512\" data-ad-format=\"auto\" data-full-width-responsive=\"true\"><\/ins><br \/>\n<script>\n(adsbygoogle = window.adsbygoogle || []).push({});\n<\/script><\/p>\n<p style=\"text-align: justify;\">Diesmal besuchte ich in <a href=\"\/blog\/thema\/sils-baselgia\">Sils-Baselgia<\/a>. Der zwischen dem <a href=\"\/blog\/thema\/silvaplanersee\">Silvaplanersee<\/a> und dem <a href=\"\/blog\/thema\/silsersee\">Silsersee<\/a> gelegene Ort ist ein Ortsteil von Sils im Engadin.<\/p>\n<p style=\"text-align: justify;\"><!--more-->Sils Baselgia erh\u00e4lt seinen Namen von der malerisch am Inn gelegenen, sp\u00e4tgotischen <a href=\"\/blog\/thema\/kirche\">Kirche<\/a> St.Lorenz, in R\u00e4toromanisch <a href=\"https:\/\/www.engadin.stmoritz.ch\/sommer\/de\/sightseeing\/kirche-st-lorenz-sils-baselgia\/\">San Lurench<\/a>, aus dem Jahre&nbsp; 1356. Sie ist freistehend, umgeben vom Ortsfriedhof.<\/p>\n<p><a href=\"https:\/\/www.reisenblog.ch\/blog\/wp-content\/uploads\/2018\/12\/Reisenblog-2279.jpg\"><img fetchpriority=\"high\" decoding=\"async\" class=\"alignnone size-large wp-image-1365\" src=\"https:\/\/www.reisenblog.ch\/blog\/wp-content\/uploads\/2018\/12\/Reisenblog-2279-1024x683.jpg\" alt=\"\" width=\"840\" height=\"560\" srcset=\"https:\/\/www.reisenblog.ch\/blog\/wp-content\/uploads\/2018\/12\/Reisenblog-2279-1024x683.jpg 1024w, https:\/\/www.reisenblog.ch\/blog\/wp-content\/uploads\/2018\/12\/Reisenblog-2279-300x200.jpg 300w, https:\/\/www.reisenblog.ch\/blog\/wp-content\/uploads\/2018\/12\/Reisenblog-2279-768x512.jpg 768w, https:\/\/www.reisenblog.ch\/blog\/wp-content\/uploads\/2018\/12\/Reisenblog-2279-600x400.jpg 600w, https:\/\/www.reisenblog.ch\/blog\/wp-content\/uploads\/2018\/12\/Reisenblog-2279-1200x800.jpg 1200w, https:\/\/www.reisenblog.ch\/blog\/wp-content\/uploads\/2018\/12\/Reisenblog-2279.jpg 1900w\" sizes=\"(max-width: 709px) 85vw, (max-width: 909px) 67vw, (max-width: 1362px) 62vw, 840px\" \/><\/a><\/p>\n<p style=\"text-align: justify;\"><a href=\"\/blog\/thema\/reisen-mit-hund\">Reisende<\/a> finden in mehreren Hotels aller Kategorien, Pensionen oder Ferienwohnungen Unterkunft, wie in der <a href=\"\/blog\/thema\/switzerland\">Schweiz<\/a> \u00fcblich sind in den meisten H\u00e4usern <a href=\"\/blog\/thema\/urlaub-mit-hund\">Hunde<\/a> erlaubt. Den t\u00e4glichen <a href=\"https:\/\/www.profital.ch\/fex\/filiale\/volg-seglias:1081199\">Einkauf<\/a> muss man allerdings im benachbarten Sils-Maria t\u00e4tigen. Sils Baselgia und Sils Maria bilden zusammen das Dorf Sils im Engadin. F\u00fcr eine grosse Anziehungskraft sorgt in Sils der <a href=\"https:\/\/www.schweizersee.ch\/silvaplanersee\/\">Silvaplanersee<\/a> und der <a href=\"https:\/\/www.sils.ch\/de-ch\/aufenthalt\/sils-entdecken\/silsersee.html\">Silsersee<\/a> und nat\u00fcrlich auch die Halbinsel Chast\u00e9. Ber\u00fchmt sind am Silserufer des Silsersees auch die <a href=\"https:\/\/www.naturzyt.ch\/natur-erleben\/naturausfluege-wandern\/288-silser-kugeln-am-silsersee.html\">Silserkugeln<\/a>.<\/p>\n<p><a href=\"https:\/\/www.reisenblog.ch\/blog\/wp-content\/uploads\/2018\/12\/Reisenblog-2478.jpg\"><img decoding=\"async\" class=\"alignnone size-large wp-image-1379\" src=\"https:\/\/www.reisenblog.ch\/blog\/wp-content\/uploads\/2018\/12\/Reisenblog-2478-1024x683.jpg\" alt=\"\" width=\"840\" height=\"560\" srcset=\"https:\/\/www.reisenblog.ch\/blog\/wp-content\/uploads\/2018\/12\/Reisenblog-2478-1024x683.jpg 1024w, https:\/\/www.reisenblog.ch\/blog\/wp-content\/uploads\/2018\/12\/Reisenblog-2478-300x200.jpg 300w, https:\/\/www.reisenblog.ch\/blog\/wp-content\/uploads\/2018\/12\/Reisenblog-2478-768x512.jpg 768w, https:\/\/www.reisenblog.ch\/blog\/wp-content\/uploads\/2018\/12\/Reisenblog-2478-600x400.jpg 600w, https:\/\/www.reisenblog.ch\/blog\/wp-content\/uploads\/2018\/12\/Reisenblog-2478-1200x800.jpg 1200w, https:\/\/www.reisenblog.ch\/blog\/wp-content\/uploads\/2018\/12\/Reisenblog-2478.jpg 1900w\" sizes=\"(max-width: 709px) 85vw, (max-width: 909px) 67vw, (max-width: 1362px) 62vw, 840px\" \/><\/a><\/p>\n<p style=\"text-align: justify;\">Die Freizeitaktivit\u00e4ten sind vielf\u00e4ltig, die Auswahl reicht von kleinen Spazierg\u00e4ngen bis zu grossen <a href=\"https:\/\/www.sils.ch\/de-ch\/aufenthalt\/sommer\/wandern.html\">Wanderungen<\/a>, Wassersport (ohne Motorantrieb) und Mountainbiking im Sommer und Skifahren, Langlaufen im Winter und vieles mehr. Sch\u00f6ne <a href=\"\/blog\/thema\/tagesausflug\">Ausfl\u00fcge<\/a> sind, eine Tour ins <a href=\"https:\/\/www.sils.ch\/de-ch\/aufenthalt\/sils-entdecken\/val-fex.html\">Val Fex<\/a> (Sommer und Winter auch mit <a href=\"https:\/\/www.engadin.stmoritz.ch\/sommer\/de\/aktivitaeten\/bergerlebnis\/ausfluege\/kutschenfahrten\/kutschenfahrt-ins-val-fex\/\">Pferdekutsche<\/a> m\u00f6glich), mit der Seilbahn auf die <a href=\"https:\/\/www.sils.ch\/de-ch\/geschichten\/silser-geschichten\/skifahren-auf-furtschellas.html\">Furtschellas<\/a>, mit dem <a href=\"https:\/\/www.sils.ch\/de-ch\/geschichten\/silser-geschichten\/schifffahrt-silsersee.html\">Kursschiff<\/a> nach <a href=\"http:\/\/www.lagrev.ch\/de\/\">Isola<\/a> oder <a href=\"https:\/\/www.bregaglia.ch\/de\/maloja\">Maloja<\/a> oder nach <a href=\"https:\/\/www.plaundalej.ch\/\">Plaun da Lej<\/a> und weiter nach <a href=\"http:\/\/www.grevasalvas.ch\/\">Grevasalvas<\/a>. Die Aufz\u00e4hlung k\u00f6nnte ich noch beliebig erweitern, aber das w\u00fcrde den Rahmen hier sprengen. Am Besten besuchen sie Sils im Engadin einmal selbst, ob Sommer oder Winter, Sils Baselgia und Sils Maria, oder auch einfach das <a href=\"\/blog\/thema\/oberengadin\">Oberengadin<\/a> ist immer eine Reise wert.&nbsp;<\/p>\n<p><script async=\"\" src=\"\/\/pagead2.googlesyndication.com\/pagead\/js\/adsbygoogle.js\"><\/script><br \/>\n<!-- Reisenblog.ch --><br \/>\n<ins class=\"adsbygoogle\" style=\"display: block;\" data-ad-client=\"ca-pub-7742523326280891\" data-ad-slot=\"7218541512\" data-ad-format=\"auto\" data-full-width-responsive=\"true\"><\/ins><br \/>\n<script>\n(adsbygoogle = window.adsbygoogle || []).push({});\n<\/script><\/p>\nngg_shortcode_0_placeholder\n","protected":false},"excerpt":{"rendered":"<p>Es muss nicht immer eine grosse Tour sein. In dieser Serie werde ich verschiedene Orte, vorzugsweise in Graub\u00fcnden, besuchen. Ohne grosse Strecken zu laufen, versuche ich beim Photowalk, zu Deutsch Fotospaziergang, m\u00f6glichst viele interessante Motive in einem kleinen Umkreis mit meiner Kamera einzufangen. Diesmal besuchte ich in Sils-Baselgia. Der zwischen dem Silvaplanersee und dem Silsersee &hellip; <a href=\"https:\/\/www.reisenblog.ch\/blog\/photowalks\/photowalk-sils-baselgia\/\" class=\"more-link\"><span class=\"screen-reader-text\">\u201ePhotowalk Sils-Baselgia\u201c <\/span>weiterlesen<\/a><\/p>\n","protected":false},"author":1,"featured_media":1377,"comment_status":"open","ping_status":"open","sticky":false,"template":"","format":"standard","meta":{"ngg_post_thumbnail":0,"footnotes":""},"categories":[72],"tags":[133,423,115,417,74,426,425,393,432,430,421,422,436,148,427,279,129,185,431,10,415,418,416,428,429,175,433,6,434,435,424,139,128,419,420],"class_list":["post-1027","post","type-post","status-publish","format-standard","has-post-thumbnail","hentry","category-photowalks","tag-ausflug","tag-biking","tag-engadin","tag-freizeit","tag-graubuenden","tag-grevasalvas","tag-isola","tag-kirche","tag-kursschiff","tag-kutschenfahrt","tag-langlauf","tag-mountainbike","tag-oberengadin","tag-photowalk","tag-plaun-da-lej","tag-reisen","tag-reisen-mit-hund","tag-reisen-mit-wohnmobil","tag-schifffahrt","tag-schweiz","tag-sils","tag-sils-baselgia","tag-sils-maria","tag-silsersee","tag-silvaplanersee","tag-skifahren","tag-switzerland","tag-tagesausflug","tag-urlaub","tag-urlaub-mit-hund","tag-val-fex","tag-wandern","tag-wandern-mit-hund","tag-wassersport","tag-wintersport"],"aioseo_notices":[],"_links":{"self":[{"href":"https:\/\/www.reisenblog.ch\/blog\/wp-json\/wp\/v2\/posts\/1027","targetHints":{"allow":["GET"]}}],"collection":[{"href":"https:\/\/www.reisenblog.ch\/blog\/wp-json\/wp\/v2\/posts"}],"about":[{"href":"https:\/\/www.reisenblog.ch\/blog\/wp-json\/wp\/v2\/types\/post"}],"author":[{"embeddable":true,"href":"https:\/\/www.reisenblog.ch\/blog\/wp-json\/wp\/v2\/users\/1"}],"replies":[{"embeddable":true,"href":"https:\/\/www.reisenblog.ch\/blog\/wp-json\/wp\/v2\/comments?post=1027"}],"version-history":[{"count":15,"href":"https:\/\/www.reisenblog.ch\/blog\/wp-json\/wp\/v2\/posts\/1027\/revisions"}],"predecessor-version":[{"id":1648,"href":"https:\/\/www.reisenblog.ch\/blog\/wp-json\/wp\/v2\/posts\/1027\/revisions\/1648"}],"wp:featuredmedia":[{"embeddable":true,"href":"https:\/\/www.reisenblog.ch\/blog\/wp-json\/wp\/v2\/media\/1377"}],"wp:attachment":[{"href":"https:\/\/www.reisenblog.ch\/blog\/wp-json\/wp\/v2\/media?parent=1027"}],"wp:term":[{"taxonomy":"category","embeddable":true,"href":"https:\/\/www.reisenblog.ch\/blog\/wp-json\/wp\/v2\/categories?post=1027"},{"taxonomy":"post_tag","embeddable":true,"href":"https:\/\/www.reisenblog.ch\/blog\/wp-json\/wp\/v2\/tags?post=1027"}],"curies":[{"name":"wp","href":"https:\/\/api.w.org\/{rel}","templated":true}]}}