{"id":1085,"date":"2018-07-22T22:04:44","date_gmt":"2018-07-22T21:04:44","guid":{"rendered":"https:\/\/www.reisenblog.ch\/blog\/?p=1085"},"modified":"2019-07-29T15:04:50","modified_gmt":"2019-07-29T14:04:50","slug":"schwedentour-skane-rund-um-den-ringsjoe","status":"publish","type":"post","link":"https:\/\/www.reisenblog.ch\/blog\/reisen\/schwedentour-skane-rund-um-den-ringsjoe\/","title":{"rendered":"Schwedentour &#8211; Sk\u00e5ne &#8211; Rund um den Ringsj\u00f6"},"content":{"rendered":"<p>Der <a href=\"https:\/\/de.wikipedia.org\/wiki\/Ringsj%C3%B6n\">Ringsj\u00f6<\/a> besteht aus zwei Teilseen, der \u00d6stra- und der V\u00e4straringsj\u00f6. Er liegt s\u00fcdlich von <a href=\"https:\/\/de.wikipedia.org\/wiki\/H%C3%B6%C3%B6r\">H\u00f6\u00f6r<\/a> nahe dem geografischen Zentrum von <a href=\"https:\/\/visitskane.com\/de\">Sk\u00e5ne<\/a>. Auf einer kleinen <a href=\"\/blog\/thema\/schwedentour\">Rundreise<\/a> um die beiden Seen \u00fcber kleine Strassen machten wir auch einen Besuch beim <a href=\"https:\/\/www.bosjokloster.se\/de-DE\">Bosj\u00f6kloster<\/a>.&nbsp; Das Bosj\u00f6kloster befindet sich zwischen dem V\u00e4stra Ringsj\u00f6 und dem \u00d6stra Ringsj\u00f6. Die <a href=\"https:\/\/www.google.se\/maps\/place\/Bosj%C3%B6kloster\/@55.9021919,13.5711494,12.03z\/data=!4m12!1m6!3m5!1s0x4653ed91dc6dbfaf:0x891fa1d0d7282b55!2sBosj%C3%B6kloster!8m2!3d55.8770146!4d13.5184799!3m4!1s0x4653ed91dc6dbfaf:0x891fa1d0d7282b55!8m2!3d55.8770146!4d13.5184799?hl=de\">Strasse 23<\/a> f\u00fchrt zwischen den beiden Seen durch, das Bosj\u00f6kloster ist von dort aus gut ausgeschildert.<\/p>\n<p><!--more--><\/p>\n<p>Vermutlich wurde das Bosj\u00f6kloster um 1080 n. Chr. von den Benediktinern als Nonnenkloster gegr\u00fcndet. Im 16. Jahrhundert&nbsp; wurde das Kloster aufgel\u00f6st. Auch heute ist vieles des ehemaligen Nonnenkloster erhalten geblieben, u.a. die unver\u00e4nderten Gew\u00f6lbe, einst Refektorium der Nonnen, die Kirche, die noch heute das Gotteshaus der Gemeinde ist, den kleinen Friedhof, auf dem die Nonnen unter einfachen Grabsteinen ruhen und im Park die tausendj\u00e4hrige Eiche, die immer noch jedes Jahr von Neuem gr\u00fcnt.<\/p>\n<p><a href=\"https:\/\/www.reisenblog.ch\/blog\/wp-content\/uploads\/2018\/07\/Reisenblog-4665.jpg\"><img fetchpriority=\"high\" decoding=\"async\" class=\"alignnone size-large wp-image-1112\" src=\"https:\/\/www.reisenblog.ch\/blog\/wp-content\/uploads\/2018\/07\/Reisenblog-4665-683x1024.jpg\" alt=\"\" width=\"683\" height=\"1024\" srcset=\"https:\/\/www.reisenblog.ch\/blog\/wp-content\/uploads\/2018\/07\/Reisenblog-4665-683x1024.jpg 683w, https:\/\/www.reisenblog.ch\/blog\/wp-content\/uploads\/2018\/07\/Reisenblog-4665-200x300.jpg 200w, https:\/\/www.reisenblog.ch\/blog\/wp-content\/uploads\/2018\/07\/Reisenblog-4665-768x1152.jpg 768w, https:\/\/www.reisenblog.ch\/blog\/wp-content\/uploads\/2018\/07\/Reisenblog-4665-600x900.jpg 600w, https:\/\/www.reisenblog.ch\/blog\/wp-content\/uploads\/2018\/07\/Reisenblog-4665-1200x1800.jpg 1200w, https:\/\/www.reisenblog.ch\/blog\/wp-content\/uploads\/2018\/07\/Reisenblog-4665.jpg 1267w\" sizes=\"(max-width: 709px) 85vw, (max-width: 909px) 67vw, (max-width: 984px) 61vw, (max-width: 1362px) 45vw, 600px\" \/><\/a><\/p>\n<p>Durch einen Tauschhandel mit dem d\u00e4nischen K\u00f6nig ging das Kloster in Privatbesitz \u00fcber. Das Bosj\u00f6kloster hatte im verlaufe der Jahre verschiedene Besitzer, seit 1908 geh\u00f6rt es der Familie Bonde.<\/p>\n<p><a href=\"https:\/\/www.reisenblog.ch\/blog\/wp-content\/uploads\/2018\/07\/Reisenblog-4668.jpg\"><img decoding=\"async\" class=\"alignnone size-large wp-image-1114\" src=\"https:\/\/www.reisenblog.ch\/blog\/wp-content\/uploads\/2018\/07\/Reisenblog-4668-683x1024.jpg\" alt=\"\" width=\"683\" height=\"1024\" srcset=\"https:\/\/www.reisenblog.ch\/blog\/wp-content\/uploads\/2018\/07\/Reisenblog-4668-683x1024.jpg 683w, https:\/\/www.reisenblog.ch\/blog\/wp-content\/uploads\/2018\/07\/Reisenblog-4668-200x300.jpg 200w, https:\/\/www.reisenblog.ch\/blog\/wp-content\/uploads\/2018\/07\/Reisenblog-4668-768x1152.jpg 768w, https:\/\/www.reisenblog.ch\/blog\/wp-content\/uploads\/2018\/07\/Reisenblog-4668-600x900.jpg 600w, https:\/\/www.reisenblog.ch\/blog\/wp-content\/uploads\/2018\/07\/Reisenblog-4668-1200x1800.jpg 1200w, https:\/\/www.reisenblog.ch\/blog\/wp-content\/uploads\/2018\/07\/Reisenblog-4668.jpg 1267w\" sizes=\"(max-width: 709px) 85vw, (max-width: 909px) 67vw, (max-width: 984px) 61vw, (max-width: 1362px) 45vw, 600px\" \/><\/a><\/p>\n<p>Teile des <a href=\"\/blog\/thema\/schloss\">Schlosses<\/a> und den <a href=\"\/blog\/thema\/garten\">Garten<\/a>&nbsp; kann man besichtigen. Ein Teil des Gartens&nbsp; besteht aus einer <a href=\"\/blog\/thema\/parklandschaft\">Parklandschaft<\/a> mit uraltem Baumbestand, darunter einer Tausendj\u00e4hrigen Eiche und einem Streichelzoo. Der andere Teil ist als sch\u00f6ne Gartenlandschaft ausgearbeitet, dazu kommt noch ein Cafe\/Restaurant.&nbsp; Der Erhalt der Liegenschaft und des grossen Gartens wird vollumf\u00e4nglich aus den Einnahmen von Eintritten und Cafe\/Restaurant bestritten. Die G\u00e4rten und der Park d\u00fcrfen mit <a href=\"\/blog\/thema\/reisen-mit-hund\">Hund<\/a> betreten werden. Vor dem Kloster befindet sich ein grosser kostenloser Parkplatz, wo auch ein <a href=\"\/blog\/thema\/reisen-mit-wohnmobil\">Wohnmobil<\/a> problemlos geparkt werden kann.<\/p>\n<p><a href=\"https:\/\/www.reisenblog.ch\/blog\/wp-content\/uploads\/2018\/07\/Reisenblog-4675.jpg\"><img decoding=\"async\" class=\"alignnone size-large wp-image-1119\" src=\"https:\/\/www.reisenblog.ch\/blog\/wp-content\/uploads\/2018\/07\/Reisenblog-4675-1024x683.jpg\" alt=\"\" width=\"840\" height=\"560\" srcset=\"https:\/\/www.reisenblog.ch\/blog\/wp-content\/uploads\/2018\/07\/Reisenblog-4675-1024x683.jpg 1024w, https:\/\/www.reisenblog.ch\/blog\/wp-content\/uploads\/2018\/07\/Reisenblog-4675-300x200.jpg 300w, https:\/\/www.reisenblog.ch\/blog\/wp-content\/uploads\/2018\/07\/Reisenblog-4675-768x512.jpg 768w, https:\/\/www.reisenblog.ch\/blog\/wp-content\/uploads\/2018\/07\/Reisenblog-4675-600x400.jpg 600w, https:\/\/www.reisenblog.ch\/blog\/wp-content\/uploads\/2018\/07\/Reisenblog-4675-1200x800.jpg 1200w, https:\/\/www.reisenblog.ch\/blog\/wp-content\/uploads\/2018\/07\/Reisenblog-4675.jpg 1900w\" sizes=\"(max-width: 709px) 85vw, (max-width: 909px) 67vw, (max-width: 1362px) 62vw, 840px\" \/><\/a> <a href=\"https:\/\/www.reisenblog.ch\/blog\/wp-content\/uploads\/2018\/07\/Reisenblog-4674.jpg\"><img loading=\"lazy\" decoding=\"async\" class=\"alignnone size-large wp-image-1118\" src=\"https:\/\/www.reisenblog.ch\/blog\/wp-content\/uploads\/2018\/07\/Reisenblog-4674-1024x683.jpg\" alt=\"\" width=\"840\" height=\"560\" srcset=\"https:\/\/www.reisenblog.ch\/blog\/wp-content\/uploads\/2018\/07\/Reisenblog-4674-1024x683.jpg 1024w, https:\/\/www.reisenblog.ch\/blog\/wp-content\/uploads\/2018\/07\/Reisenblog-4674-300x200.jpg 300w, https:\/\/www.reisenblog.ch\/blog\/wp-content\/uploads\/2018\/07\/Reisenblog-4674-768x512.jpg 768w, https:\/\/www.reisenblog.ch\/blog\/wp-content\/uploads\/2018\/07\/Reisenblog-4674-600x400.jpg 600w, https:\/\/www.reisenblog.ch\/blog\/wp-content\/uploads\/2018\/07\/Reisenblog-4674-1200x800.jpg 1200w, https:\/\/www.reisenblog.ch\/blog\/wp-content\/uploads\/2018\/07\/Reisenblog-4674.jpg 1900w\" sizes=\"(max-width: 709px) 85vw, (max-width: 909px) 67vw, (max-width: 1362px) 62vw, 840px\" \/><\/a> <a href=\"https:\/\/www.reisenblog.ch\/blog\/wp-content\/uploads\/2018\/07\/Reisenblog-4673.jpg\"><img loading=\"lazy\" decoding=\"async\" class=\"alignnone size-large wp-image-1117\" src=\"https:\/\/www.reisenblog.ch\/blog\/wp-content\/uploads\/2018\/07\/Reisenblog-4673-1024x683.jpg\" alt=\"\" width=\"840\" height=\"560\" srcset=\"https:\/\/www.reisenblog.ch\/blog\/wp-content\/uploads\/2018\/07\/Reisenblog-4673-1024x683.jpg 1024w, https:\/\/www.reisenblog.ch\/blog\/wp-content\/uploads\/2018\/07\/Reisenblog-4673-300x200.jpg 300w, https:\/\/www.reisenblog.ch\/blog\/wp-content\/uploads\/2018\/07\/Reisenblog-4673-768x512.jpg 768w, https:\/\/www.reisenblog.ch\/blog\/wp-content\/uploads\/2018\/07\/Reisenblog-4673-600x400.jpg 600w, https:\/\/www.reisenblog.ch\/blog\/wp-content\/uploads\/2018\/07\/Reisenblog-4673-1200x800.jpg 1200w, https:\/\/www.reisenblog.ch\/blog\/wp-content\/uploads\/2018\/07\/Reisenblog-4673.jpg 1900w\" sizes=\"(max-width: 709px) 85vw, (max-width: 909px) 67vw, (max-width: 1362px) 62vw, 840px\" \/><\/a> <a href=\"https:\/\/www.reisenblog.ch\/blog\/wp-content\/uploads\/2018\/07\/Reisenblog-4672.jpg\"><img loading=\"lazy\" decoding=\"async\" class=\"alignnone size-large wp-image-1116\" src=\"https:\/\/www.reisenblog.ch\/blog\/wp-content\/uploads\/2018\/07\/Reisenblog-4672-1024x683.jpg\" alt=\"\" width=\"840\" height=\"560\" srcset=\"https:\/\/www.reisenblog.ch\/blog\/wp-content\/uploads\/2018\/07\/Reisenblog-4672-1024x683.jpg 1024w, https:\/\/www.reisenblog.ch\/blog\/wp-content\/uploads\/2018\/07\/Reisenblog-4672-300x200.jpg 300w, https:\/\/www.reisenblog.ch\/blog\/wp-content\/uploads\/2018\/07\/Reisenblog-4672-768x512.jpg 768w, https:\/\/www.reisenblog.ch\/blog\/wp-content\/uploads\/2018\/07\/Reisenblog-4672-600x400.jpg 600w, https:\/\/www.reisenblog.ch\/blog\/wp-content\/uploads\/2018\/07\/Reisenblog-4672-1200x800.jpg 1200w, https:\/\/www.reisenblog.ch\/blog\/wp-content\/uploads\/2018\/07\/Reisenblog-4672.jpg 1900w\" sizes=\"(max-width: 709px) 85vw, (max-width: 909px) 67vw, (max-width: 1362px) 62vw, 840px\" \/><\/a> <a href=\"https:\/\/www.reisenblog.ch\/blog\/wp-content\/uploads\/2018\/07\/Reisenblog-4671.jpg\"><img loading=\"lazy\" decoding=\"async\" class=\"alignnone size-large wp-image-1115\" src=\"https:\/\/www.reisenblog.ch\/blog\/wp-content\/uploads\/2018\/07\/Reisenblog-4671-1024x683.jpg\" alt=\"\" width=\"840\" height=\"560\" srcset=\"https:\/\/www.reisenblog.ch\/blog\/wp-content\/uploads\/2018\/07\/Reisenblog-4671-1024x683.jpg 1024w, https:\/\/www.reisenblog.ch\/blog\/wp-content\/uploads\/2018\/07\/Reisenblog-4671-300x200.jpg 300w, https:\/\/www.reisenblog.ch\/blog\/wp-content\/uploads\/2018\/07\/Reisenblog-4671-768x512.jpg 768w, https:\/\/www.reisenblog.ch\/blog\/wp-content\/uploads\/2018\/07\/Reisenblog-4671-600x400.jpg 600w, https:\/\/www.reisenblog.ch\/blog\/wp-content\/uploads\/2018\/07\/Reisenblog-4671-1200x800.jpg 1200w, https:\/\/www.reisenblog.ch\/blog\/wp-content\/uploads\/2018\/07\/Reisenblog-4671.jpg 1900w\" sizes=\"(max-width: 709px) 85vw, (max-width: 909px) 67vw, (max-width: 1362px) 62vw, 840px\" \/><\/a> <a href=\"https:\/\/www.reisenblog.ch\/blog\/wp-content\/uploads\/2018\/07\/Reisenblog-4663.jpg\"><img loading=\"lazy\" decoding=\"async\" class=\"alignnone size-large wp-image-1111\" src=\"https:\/\/www.reisenblog.ch\/blog\/wp-content\/uploads\/2018\/07\/Reisenblog-4663-1024x683.jpg\" alt=\"\" width=\"840\" height=\"560\" srcset=\"https:\/\/www.reisenblog.ch\/blog\/wp-content\/uploads\/2018\/07\/Reisenblog-4663-1024x683.jpg 1024w, https:\/\/www.reisenblog.ch\/blog\/wp-content\/uploads\/2018\/07\/Reisenblog-4663-300x200.jpg 300w, https:\/\/www.reisenblog.ch\/blog\/wp-content\/uploads\/2018\/07\/Reisenblog-4663-768x512.jpg 768w, https:\/\/www.reisenblog.ch\/blog\/wp-content\/uploads\/2018\/07\/Reisenblog-4663-600x400.jpg 600w, https:\/\/www.reisenblog.ch\/blog\/wp-content\/uploads\/2018\/07\/Reisenblog-4663-1200x800.jpg 1200w, https:\/\/www.reisenblog.ch\/blog\/wp-content\/uploads\/2018\/07\/Reisenblog-4663.jpg 1900w\" sizes=\"(max-width: 709px) 85vw, (max-width: 909px) 67vw, (max-width: 1362px) 62vw, 840px\" \/><\/a> <a href=\"https:\/\/www.reisenblog.ch\/blog\/wp-content\/uploads\/2018\/07\/Reisenblog-4661.jpg\"><img loading=\"lazy\" decoding=\"async\" class=\"alignnone size-large wp-image-1110\" src=\"https:\/\/www.reisenblog.ch\/blog\/wp-content\/uploads\/2018\/07\/Reisenblog-4661-1024x683.jpg\" alt=\"\" width=\"840\" height=\"560\" srcset=\"https:\/\/www.reisenblog.ch\/blog\/wp-content\/uploads\/2018\/07\/Reisenblog-4661-1024x683.jpg 1024w, https:\/\/www.reisenblog.ch\/blog\/wp-content\/uploads\/2018\/07\/Reisenblog-4661-300x200.jpg 300w, https:\/\/www.reisenblog.ch\/blog\/wp-content\/uploads\/2018\/07\/Reisenblog-4661-768x512.jpg 768w, https:\/\/www.reisenblog.ch\/blog\/wp-content\/uploads\/2018\/07\/Reisenblog-4661-600x400.jpg 600w, https:\/\/www.reisenblog.ch\/blog\/wp-content\/uploads\/2018\/07\/Reisenblog-4661-1200x800.jpg 1200w, https:\/\/www.reisenblog.ch\/blog\/wp-content\/uploads\/2018\/07\/Reisenblog-4661.jpg 1900w\" sizes=\"(max-width: 709px) 85vw, (max-width: 909px) 67vw, (max-width: 1362px) 62vw, 840px\" \/><\/a> <a href=\"https:\/\/www.reisenblog.ch\/blog\/wp-content\/uploads\/2018\/07\/Reisenblog-4659.jpg\"><img loading=\"lazy\" decoding=\"async\" class=\"alignnone size-large wp-image-1109\" src=\"https:\/\/www.reisenblog.ch\/blog\/wp-content\/uploads\/2018\/07\/Reisenblog-4659-1024x683.jpg\" alt=\"\" width=\"840\" height=\"560\" srcset=\"https:\/\/www.reisenblog.ch\/blog\/wp-content\/uploads\/2018\/07\/Reisenblog-4659-1024x683.jpg 1024w, https:\/\/www.reisenblog.ch\/blog\/wp-content\/uploads\/2018\/07\/Reisenblog-4659-300x200.jpg 300w, https:\/\/www.reisenblog.ch\/blog\/wp-content\/uploads\/2018\/07\/Reisenblog-4659-768x512.jpg 768w, https:\/\/www.reisenblog.ch\/blog\/wp-content\/uploads\/2018\/07\/Reisenblog-4659-600x400.jpg 600w, https:\/\/www.reisenblog.ch\/blog\/wp-content\/uploads\/2018\/07\/Reisenblog-4659-1200x800.jpg 1200w, https:\/\/www.reisenblog.ch\/blog\/wp-content\/uploads\/2018\/07\/Reisenblog-4659.jpg 1900w\" sizes=\"(max-width: 709px) 85vw, (max-width: 909px) 67vw, (max-width: 1362px) 62vw, 840px\" \/><\/a> <a href=\"https:\/\/www.reisenblog.ch\/blog\/wp-content\/uploads\/2018\/07\/Reisenblog-4655.jpg\"><img loading=\"lazy\" decoding=\"async\" class=\"alignnone size-large wp-image-1108\" src=\"https:\/\/www.reisenblog.ch\/blog\/wp-content\/uploads\/2018\/07\/Reisenblog-4655-1024x683.jpg\" alt=\"\" width=\"840\" height=\"560\" srcset=\"https:\/\/www.reisenblog.ch\/blog\/wp-content\/uploads\/2018\/07\/Reisenblog-4655-1024x683.jpg 1024w, https:\/\/www.reisenblog.ch\/blog\/wp-content\/uploads\/2018\/07\/Reisenblog-4655-300x200.jpg 300w, https:\/\/www.reisenblog.ch\/blog\/wp-content\/uploads\/2018\/07\/Reisenblog-4655-768x512.jpg 768w, https:\/\/www.reisenblog.ch\/blog\/wp-content\/uploads\/2018\/07\/Reisenblog-4655-600x400.jpg 600w, https:\/\/www.reisenblog.ch\/blog\/wp-content\/uploads\/2018\/07\/Reisenblog-4655-1200x800.jpg 1200w, https:\/\/www.reisenblog.ch\/blog\/wp-content\/uploads\/2018\/07\/Reisenblog-4655.jpg 1900w\" sizes=\"(max-width: 709px) 85vw, (max-width: 909px) 67vw, (max-width: 1362px) 62vw, 840px\" \/><\/a> <a href=\"https:\/\/www.reisenblog.ch\/blog\/wp-content\/uploads\/2018\/07\/Reisenblog-4676.jpg\"><img loading=\"lazy\" decoding=\"async\" class=\"alignnone size-large wp-image-1120\" src=\"https:\/\/www.reisenblog.ch\/blog\/wp-content\/uploads\/2018\/07\/Reisenblog-4676-1024x683.jpg\" alt=\"\" width=\"840\" height=\"560\" srcset=\"https:\/\/www.reisenblog.ch\/blog\/wp-content\/uploads\/2018\/07\/Reisenblog-4676-1024x683.jpg 1024w, https:\/\/www.reisenblog.ch\/blog\/wp-content\/uploads\/2018\/07\/Reisenblog-4676-300x200.jpg 300w, https:\/\/www.reisenblog.ch\/blog\/wp-content\/uploads\/2018\/07\/Reisenblog-4676-768x512.jpg 768w, https:\/\/www.reisenblog.ch\/blog\/wp-content\/uploads\/2018\/07\/Reisenblog-4676-600x400.jpg 600w, https:\/\/www.reisenblog.ch\/blog\/wp-content\/uploads\/2018\/07\/Reisenblog-4676-1200x800.jpg 1200w, https:\/\/www.reisenblog.ch\/blog\/wp-content\/uploads\/2018\/07\/Reisenblog-4676.jpg 1900w\" sizes=\"(max-width: 709px) 85vw, (max-width: 909px) 67vw, (max-width: 1362px) 62vw, 840px\" \/><\/a><\/p>\n<p><script async=\"\" src=\"\/\/pagead2.googlesyndication.com\/pagead\/js\/adsbygoogle.js\"><\/script><br \/>\n<script>\n  (adsbygoogle = window.adsbygoogle || []).push({\n    google_ad_client: \"ca-pub-7742523326280891\",\n    enable_page_level_ads: true\n  });\n<\/script><\/p>\n","protected":false},"excerpt":{"rendered":"<p>Der Ringsj\u00f6 besteht aus zwei Teilseen, der \u00d6stra- und der V\u00e4straringsj\u00f6. Er liegt s\u00fcdlich von H\u00f6\u00f6r nahe dem geografischen Zentrum von Sk\u00e5ne. Auf einer kleinen Rundreise um die beiden Seen \u00fcber kleine Strassen machten wir auch einen Besuch beim Bosj\u00f6kloster.&nbsp; Das Bosj\u00f6kloster befindet sich zwischen dem V\u00e4stra Ringsj\u00f6 und dem \u00d6stra Ringsj\u00f6. Die Strasse 23 &hellip; <a href=\"https:\/\/www.reisenblog.ch\/blog\/reisen\/schwedentour-skane-rund-um-den-ringsjoe\/\" class=\"more-link\"><span class=\"screen-reader-text\">\u201eSchwedentour &#8211; Sk\u00e5ne &#8211; Rund um den Ringsj\u00f6\u201c <\/span>weiterlesen<\/a><\/p>\n","protected":false},"author":1,"featured_media":1113,"comment_status":"open","ping_status":"open","sticky":false,"template":"","format":"standard","meta":{"ngg_post_thumbnail":0,"footnotes":""},"categories":[132],"tags":[223,217,225,222,92,229,226,216,220,189,129,185,49,227,218,221,182,212,190,228,215,209,219,214,224,184],"class_list":["post-1085","post","type-post","status-publish","format-standard","has-post-thumbnail","hentry","category-reisen","tag-alte-baeume","tag-bosjoekloster","tag-cafe","tag-eiche","tag-garten","tag-gartenlandschaft","tag-hoeoer","tag-kloster","tag-parklandschaft","tag-reisemobil","tag-reisen-mit-hund","tag-reisen-mit-wohnmobil","tag-restaurant","tag-ringsjoe","tag-schloss","tag-schoene-gaerten","tag-schweden","tag-schwedentour","tag-see","tag-seenlandschaft","tag-skandinavien","tag-skane","tag-slott","tag-sommer-in-schweden","tag-streichelzoo","tag-wohnmobil"],"aioseo_notices":[],"_links":{"self":[{"href":"https:\/\/www.reisenblog.ch\/blog\/wp-json\/wp\/v2\/posts\/1085","targetHints":{"allow":["GET"]}}],"collection":[{"href":"https:\/\/www.reisenblog.ch\/blog\/wp-json\/wp\/v2\/posts"}],"about":[{"href":"https:\/\/www.reisenblog.ch\/blog\/wp-json\/wp\/v2\/types\/post"}],"author":[{"embeddable":true,"href":"https:\/\/www.reisenblog.ch\/blog\/wp-json\/wp\/v2\/users\/1"}],"replies":[{"embeddable":true,"href":"https:\/\/www.reisenblog.ch\/blog\/wp-json\/wp\/v2\/comments?post=1085"}],"version-history":[{"count":10,"href":"https:\/\/www.reisenblog.ch\/blog\/wp-json\/wp\/v2\/posts\/1085\/revisions"}],"predecessor-version":[{"id":1650,"href":"https:\/\/www.reisenblog.ch\/blog\/wp-json\/wp\/v2\/posts\/1085\/revisions\/1650"}],"wp:featuredmedia":[{"embeddable":true,"href":"https:\/\/www.reisenblog.ch\/blog\/wp-json\/wp\/v2\/media\/1113"}],"wp:attachment":[{"href":"https:\/\/www.reisenblog.ch\/blog\/wp-json\/wp\/v2\/media?parent=1085"}],"wp:term":[{"taxonomy":"category","embeddable":true,"href":"https:\/\/www.reisenblog.ch\/blog\/wp-json\/wp\/v2\/categories?post=1085"},{"taxonomy":"post_tag","embeddable":true,"href":"https:\/\/www.reisenblog.ch\/blog\/wp-json\/wp\/v2\/tags?post=1085"}],"curies":[{"name":"wp","href":"https:\/\/api.w.org\/{rel}","templated":true}]}}