{"id":1605,"date":"2019-07-26T17:21:47","date_gmt":"2019-07-26T16:21:47","guid":{"rendered":"https:\/\/www.reisenblog.ch\/blog\/?p=1605"},"modified":"2020-10-11T11:49:08","modified_gmt":"2020-10-11T10:49:08","slug":"panoramawanderung-zur-chamanna-bellavista","status":"publish","type":"post","link":"https:\/\/www.reisenblog.ch\/blog\/freizeit-ausfluege\/panoramawanderung-zur-chamanna-bellavista\/","title":{"rendered":"Panoramawanderung zur Chamanna Bellavista"},"content":{"rendered":"<p style=\"text-align: justify;\">K\u00fcrzlich habe ich von <a href=\"https:\/\/www.zernez.ch\">Zernez<\/a> aus eine Wanderung hoch zur <a href=\"https:\/\/cdssarsura.ch\/jetzt-aktuell-uebernachten-in-der-chamonna-bellavista\/\">Chamanna Bellavista<\/a> gemacht. W\u00e4hrend dem gr\u00f6ssten Teil des Aufstieges bin ich dem Wanderweg in Richtung der <a href=\"https:\/\/www.nationalpark.ch\/de\/besuchen\/unterkunft\/cluozza\/\">Chamanna Cluozza<\/a> gefolgt.<\/p>\n<p><!--more--><script async=\"\" src=\"\/\/pagead2.googlesyndication.com\/pagead\/js\/adsbygoogle.js\"><\/script><br \/>\n<!-- Reisenblog.ch --><br \/>\n<ins class=\"adsbygoogle\" style=\"display: block;\" data-ad-client=\"ca-pub-7742523326280891\" data-ad-slot=\"7218541512\" data-ad-format=\"auto\" data-full-width-responsive=\"true\"><\/ins><br \/>\n<script>\n(adsbygoogle = window.adsbygoogle || []).push({});\n<\/script><\/p>\n<p style=\"text-align: justify;\">Diese Wanderung f\u00fchrt teilweise durch den <a href=\"https:\/\/www.nationalpark.ch\/de\/\">Nationalpark<\/a> und deshalb d\u00fcrfen Hunde nicht mit. Der Wanderweg beginnt bei der Sp\u00f6l Br\u00fccke &#8222;Pr\u00e0 da Punt&#8220; und f\u00fchrt an Paul Sarasins Gedenkstein vorbei. Dort hat man das erste Mal einen wundersch\u00f6nen Ausblick in das Cluozza-Tal. Der 1 bis 1,5 st\u00fcndige Aufstieg f\u00fchrt durch einen sch\u00f6nen Nadelwald, ist aber teilweise etwas steil. Daf\u00fcr wird man immer wieder mit einem Ausblick ins Cluozza-Tal belohnt.<\/p>\n<p style=\"text-align: justify;\">Nachdem der Weg ein kurzes St\u00fcck durch den <a href=\"\/blog\/thema\/nationalpark\">Nationalpark<\/a> gef\u00fchrt hat, trennen sich die beiden Wege. Zur Chamanna Bellavista ist es nun nicht mehr weit. Auf einem B\u00e4nklein sitzend kann man nun die sch\u00f6ne <a href=\"\/blog\/thema\/aussicht\">Aussicht<\/a> auf Zernez und den Piz Linard geniessen; schliesslich bedeutet Bellavista auf Deutsch auch &#8222;sch\u00f6ne Aussicht&#8220;. Die h\u00fcbsche H\u00fctte wird leider nicht bewirtet, aber man k\u00f6nnte sie mieten.&nbsp;<\/p>\n<p style=\"text-align: justify;\">Von der Chamanna Bellavista f\u00fchrt ein Weg weiter der Bergflanke entlang. Dieser Teil der <a href=\"\/blog\/thema\/wandern\">Wanderung<\/a> ist am wenigsten anstrengend, an manchen Stellen sollte man allerdings trittsicher sein. Immer wieder kann man die Aussicht geniessen und bald auch in Richtung <a href=\"\/blog\/thema\/oberengadin\">Oberengadin<\/a> blicken. Nach etwa 45 &#8211; 60 Minuten kommt ein Abzweigung. Man k\u00f6nnte sowohl von hier als auch von der Chamanna Bellavista aus zum Murtar\u00f6l aufsteigen.<\/p>\n<p style=\"text-align: justify;\">Von nun an geht&#8217;s bergab in Richtung Tal. Der etwa 1 st\u00fcndige Abstieg kam mir ebenfalls recht steil vor, f\u00fchrte aber auch durch einen lichten Nadelwald und an h\u00fcbschen Bergblumen vorbei. Nach dem Abstieg bin ich dem Radweg in Richtung Dorf gefolgt, um den letzten Teil auf einem weniger steilen Weg zur\u00fccklegen zu k\u00f6nnen.<\/p>\nngg_shortcode_0_placeholder\n","protected":false},"excerpt":{"rendered":"<p>K\u00fcrzlich habe ich von Zernez aus eine Wanderung hoch zur Chamanna Bellavista gemacht. W\u00e4hrend dem gr\u00f6ssten Teil des Aufstieges bin ich dem Wanderweg in Richtung der Chamanna Cluozza gefolgt.<\/p>\n","protected":false},"author":1001002,"featured_media":1616,"comment_status":"open","ping_status":"open","sticky":false,"template":"","format":"standard","meta":{"ngg_post_thumbnail":0,"footnotes":""},"categories":[111,3,739],"tags":[77,466,471,474,81,467,470,115,74,475,472,469,84,252,436,473,130,10,169,442,139,465,468],"class_list":["post-1605","post","type-post","status-publish","format-standard","has-post-thumbnail","hentry","category-engadin","category-freizeit-ausfluege","category-wanderungen","tag-aussicht","tag-bellavista","tag-berghuette","tag-bergsicht","tag-blumen","tag-chamanna-bellavista","tag-chamanna-cluozza","tag-engadin","tag-graubuenden","tag-halbtagestour","tag-huette","tag-nationalpark","tag-natur","tag-naturpark","tag-oberengadin","tag-panorama","tag-schoene-aussicht","tag-schweiz","tag-tolle-aussicht","tag-unterengadin","tag-wandern","tag-wanderung","tag-zernez"],"aioseo_notices":[],"_links":{"self":[{"href":"https:\/\/www.reisenblog.ch\/blog\/wp-json\/wp\/v2\/posts\/1605","targetHints":{"allow":["GET"]}}],"collection":[{"href":"https:\/\/www.reisenblog.ch\/blog\/wp-json\/wp\/v2\/posts"}],"about":[{"href":"https:\/\/www.reisenblog.ch\/blog\/wp-json\/wp\/v2\/types\/post"}],"author":[{"embeddable":true,"href":"https:\/\/www.reisenblog.ch\/blog\/wp-json\/wp\/v2\/users\/1001002"}],"replies":[{"embeddable":true,"href":"https:\/\/www.reisenblog.ch\/blog\/wp-json\/wp\/v2\/comments?post=1605"}],"version-history":[{"count":13,"href":"https:\/\/www.reisenblog.ch\/blog\/wp-json\/wp\/v2\/posts\/1605\/revisions"}],"predecessor-version":[{"id":2517,"href":"https:\/\/www.reisenblog.ch\/blog\/wp-json\/wp\/v2\/posts\/1605\/revisions\/2517"}],"wp:featuredmedia":[{"embeddable":true,"href":"https:\/\/www.reisenblog.ch\/blog\/wp-json\/wp\/v2\/media\/1616"}],"wp:attachment":[{"href":"https:\/\/www.reisenblog.ch\/blog\/wp-json\/wp\/v2\/media?parent=1605"}],"wp:term":[{"taxonomy":"category","embeddable":true,"href":"https:\/\/www.reisenblog.ch\/blog\/wp-json\/wp\/v2\/categories?post=1605"},{"taxonomy":"post_tag","embeddable":true,"href":"https:\/\/www.reisenblog.ch\/blog\/wp-json\/wp\/v2\/tags?post=1605"}],"curies":[{"name":"wp","href":"https:\/\/api.w.org\/{rel}","templated":true}]}}