{"id":820,"date":"2016-06-27T21:11:42","date_gmt":"2016-06-27T20:11:42","guid":{"rendered":"http:\/\/www.reisenblog.ch\/blog\/?p=820"},"modified":"2018-07-30T15:28:21","modified_gmt":"2018-07-30T14:28:21","slug":"photos-abenddaemmerung-am-maerwiler-riet","status":"publish","type":"post","link":"https:\/\/www.reisenblog.ch\/blog\/photowalks\/photos-abenddaemmerung-am-maerwiler-riet\/","title":{"rendered":"Photos: Abendd\u00e4mmerung am M\u00e4rwiler Riet"},"content":{"rendered":"<p>Naja, eigentlich einfach ein Abendspaziergang am Dorfrand beim <a href=\"http:\/\/www.reisenblog.ch\/blog\/thema\/maerwiler-riet\/\">M\u00e4rwiler Riet<\/a>, aber ich finde die Fotos (so) sch\u00f6n, dass ich diese <strong>gerne f\u00fcr private Zwecke frei<\/strong>gebe auch wenn der T\u00fcmpel f\u00fcr mich ja nicht mehr was Neues ist, bin fast t\u00e4glich hier, aber die <strong>Abendd\u00e4mmerung<\/strong> heute abend hat einen <strong>mystischen Touch<\/strong>, oder so&#8230; ;o)<\/p>\n<p><!--more--><\/p>\n<p>Insgesamt war es heute ein sch\u00f6ner, sonniger Tag und ich dachte am Nachmittag, heute gibts sicher n sch\u00f6nes Abendrot am Weiher, aber die Sonne verschwand leider so ziemlich hinter Wolken, deshalb sind die Bilder zum Teil halt nicht soo effektvoll&#8230; :o) aber ich finde sie sch\u00f6n und freue mich, wenn ich dies anderen Menschen weitergeben kann&#8230;<\/p>\n<p>Die Fotos wurden mit einer Sony a77 slt geschossen und haben ziemlich Qualit\u00e4t; alle Fotos haben <strong>ca. 10MB Saft<\/strong> und sind in den komfortablen Massen <strong>6000&#215;4000 Pixel<\/strong> downloadbar, alles in erfreulichen <strong>24 Millionen Bildpunkte<\/strong> (24MPx)<\/p>\n<p>Frei f\u00fcr private Zwecke:<br \/>\nDu darfst die Bilder ohne jegliche Gegenleistung f\u00fcr nicht-kommerzielle Zwecke nutzen; verwende die Fotos als Hintergrund f\u00fcr den Desktop, als Background in Social Media Profilen wie Facebook, Twitter etc. oder wasweissich :o) ich werde vermutlich auch das eine oder andere Bild auch auf unsplash, oder flickr posten &#8211; dies dann &#8222;Public Domain&#8220; #CC0<\/p>\n<p>&nbsp;<\/p>\n<figure id=\"attachment_821\" aria-describedby=\"caption-attachment-821\" style=\"width: 840px\" class=\"wp-caption alignnone\"><a href=\"http:\/\/www.reisenblog.ch\/blog\/wp-content\/uploads\/2016\/06\/DSC06076.jpg\"><img fetchpriority=\"high\" decoding=\"async\" class=\"size-large wp-image-821\" src=\"http:\/\/www.reisenblog.ch\/blog\/wp-content\/uploads\/2016\/06\/DSC06076-1024x683.jpg\" alt=\"M\u00e4rwiler Riet (M\u00e4rwil, Thurgau): Die Sonne leuchtet noch ein paar letzte Minuten\" width=\"840\" height=\"560\" srcset=\"https:\/\/www.reisenblog.ch\/blog\/wp-content\/uploads\/2016\/06\/DSC06076-1024x683.jpg 1024w, https:\/\/www.reisenblog.ch\/blog\/wp-content\/uploads\/2016\/06\/DSC06076-300x200.jpg 300w, https:\/\/www.reisenblog.ch\/blog\/wp-content\/uploads\/2016\/06\/DSC06076-768x512.jpg 768w, https:\/\/www.reisenblog.ch\/blog\/wp-content\/uploads\/2016\/06\/DSC06076-600x400.jpg 600w, https:\/\/www.reisenblog.ch\/blog\/wp-content\/uploads\/2016\/06\/DSC06076-1200x800.jpg 1200w\" sizes=\"(max-width: 709px) 85vw, (max-width: 909px) 67vw, (max-width: 1362px) 62vw, 840px\" \/><\/a><figcaption id=\"caption-attachment-821\" class=\"wp-caption-text\">M\u00e4rwiler Riet (M\u00e4rwil, Thurgau): Die Sonne leuchtet noch ein paar letzte Minuten<\/figcaption><\/figure>\n<figure id=\"attachment_822\" aria-describedby=\"caption-attachment-822\" style=\"width: 840px\" class=\"wp-caption alignnone\"><a href=\"http:\/\/www.reisenblog.ch\/blog\/wp-content\/uploads\/2016\/06\/DSC05999.jpg\"><img decoding=\"async\" class=\"size-large wp-image-822\" src=\"http:\/\/www.reisenblog.ch\/blog\/wp-content\/uploads\/2016\/06\/DSC05999-1024x683.jpg\" alt=\"M\u00e4rwiler Riet (M\u00e4rwil, Thurgau): Himmel und Wolken\" width=\"840\" height=\"560\" srcset=\"https:\/\/www.reisenblog.ch\/blog\/wp-content\/uploads\/2016\/06\/DSC05999-1024x683.jpg 1024w, https:\/\/www.reisenblog.ch\/blog\/wp-content\/uploads\/2016\/06\/DSC05999-300x200.jpg 300w, https:\/\/www.reisenblog.ch\/blog\/wp-content\/uploads\/2016\/06\/DSC05999-768x512.jpg 768w, https:\/\/www.reisenblog.ch\/blog\/wp-content\/uploads\/2016\/06\/DSC05999-600x400.jpg 600w, https:\/\/www.reisenblog.ch\/blog\/wp-content\/uploads\/2016\/06\/DSC05999-1200x800.jpg 1200w\" sizes=\"(max-width: 709px) 85vw, (max-width: 909px) 67vw, (max-width: 1362px) 62vw, 840px\" \/><\/a><figcaption id=\"caption-attachment-822\" class=\"wp-caption-text\">M\u00e4rwiler Riet (M\u00e4rwil, Thurgau): Himmel und Wolken<\/figcaption><\/figure>\n<figure id=\"attachment_823\" aria-describedby=\"caption-attachment-823\" style=\"width: 840px\" class=\"wp-caption alignnone\"><a href=\"http:\/\/www.reisenblog.ch\/blog\/wp-content\/uploads\/2016\/06\/DSC06001.jpg\"><img decoding=\"async\" class=\"size-large wp-image-823\" src=\"http:\/\/www.reisenblog.ch\/blog\/wp-content\/uploads\/2016\/06\/DSC06001-1024x683.jpg\" alt=\"M\u00e4rwiler Riet (M\u00e4rwil, Thurgau): Abendd\u00e4mmerung\" width=\"840\" height=\"560\" srcset=\"https:\/\/www.reisenblog.ch\/blog\/wp-content\/uploads\/2016\/06\/DSC06001-1024x683.jpg 1024w, https:\/\/www.reisenblog.ch\/blog\/wp-content\/uploads\/2016\/06\/DSC06001-300x200.jpg 300w, https:\/\/www.reisenblog.ch\/blog\/wp-content\/uploads\/2016\/06\/DSC06001-768x512.jpg 768w, https:\/\/www.reisenblog.ch\/blog\/wp-content\/uploads\/2016\/06\/DSC06001-600x400.jpg 600w, https:\/\/www.reisenblog.ch\/blog\/wp-content\/uploads\/2016\/06\/DSC06001-1200x800.jpg 1200w\" sizes=\"(max-width: 709px) 85vw, (max-width: 909px) 67vw, (max-width: 1362px) 62vw, 840px\" \/><\/a><figcaption id=\"caption-attachment-823\" class=\"wp-caption-text\">M\u00e4rwiler Riet (M\u00e4rwil, Thurgau): Abendd\u00e4mmerung<\/figcaption><\/figure>\n<figure id=\"attachment_824\" aria-describedby=\"caption-attachment-824\" style=\"width: 840px\" class=\"wp-caption alignnone\"><a href=\"http:\/\/www.reisenblog.ch\/blog\/wp-content\/uploads\/2016\/06\/DSC06002.jpg\"><img loading=\"lazy\" decoding=\"async\" class=\"size-large wp-image-824\" src=\"http:\/\/www.reisenblog.ch\/blog\/wp-content\/uploads\/2016\/06\/DSC06002-1024x683.jpg\" alt=\"M\u00e4rwiler Riet (M\u00e4rwil, Thurgau): Abendd\u00e4mmerung\" width=\"840\" height=\"560\" srcset=\"https:\/\/www.reisenblog.ch\/blog\/wp-content\/uploads\/2016\/06\/DSC06002-1024x683.jpg 1024w, https:\/\/www.reisenblog.ch\/blog\/wp-content\/uploads\/2016\/06\/DSC06002-300x200.jpg 300w, https:\/\/www.reisenblog.ch\/blog\/wp-content\/uploads\/2016\/06\/DSC06002-768x512.jpg 768w, https:\/\/www.reisenblog.ch\/blog\/wp-content\/uploads\/2016\/06\/DSC06002-600x400.jpg 600w, https:\/\/www.reisenblog.ch\/blog\/wp-content\/uploads\/2016\/06\/DSC06002-1200x800.jpg 1200w\" sizes=\"(max-width: 709px) 85vw, (max-width: 909px) 67vw, (max-width: 1362px) 62vw, 840px\" \/><\/a><figcaption id=\"caption-attachment-824\" class=\"wp-caption-text\">M\u00e4rwiler Riet (M\u00e4rwil, Thurgau): Abendd\u00e4mmerung<\/figcaption><\/figure>\n<figure id=\"attachment_825\" aria-describedby=\"caption-attachment-825\" style=\"width: 840px\" class=\"wp-caption alignnone\"><a href=\"http:\/\/www.reisenblog.ch\/blog\/wp-content\/uploads\/2016\/06\/DSC06011.jpg\"><img loading=\"lazy\" decoding=\"async\" class=\"size-large wp-image-825\" src=\"http:\/\/www.reisenblog.ch\/blog\/wp-content\/uploads\/2016\/06\/DSC06011-1024x683.jpg\" alt=\"M\u00e4rwiler Riet (M\u00e4rwil, Thurgau): Abendd\u00e4mmerung\" width=\"840\" height=\"560\" srcset=\"https:\/\/www.reisenblog.ch\/blog\/wp-content\/uploads\/2016\/06\/DSC06011-1024x683.jpg 1024w, https:\/\/www.reisenblog.ch\/blog\/wp-content\/uploads\/2016\/06\/DSC06011-300x200.jpg 300w, https:\/\/www.reisenblog.ch\/blog\/wp-content\/uploads\/2016\/06\/DSC06011-768x512.jpg 768w, https:\/\/www.reisenblog.ch\/blog\/wp-content\/uploads\/2016\/06\/DSC06011-600x400.jpg 600w, https:\/\/www.reisenblog.ch\/blog\/wp-content\/uploads\/2016\/06\/DSC06011-1200x800.jpg 1200w\" sizes=\"(max-width: 709px) 85vw, (max-width: 909px) 67vw, (max-width: 1362px) 62vw, 840px\" \/><\/a><figcaption id=\"caption-attachment-825\" class=\"wp-caption-text\">M\u00e4rwiler Riet (M\u00e4rwil, Thurgau): Abendd\u00e4mmerung<\/figcaption><\/figure>\n<figure id=\"attachment_826\" aria-describedby=\"caption-attachment-826\" style=\"width: 840px\" class=\"wp-caption alignnone\"><a href=\"http:\/\/www.reisenblog.ch\/blog\/wp-content\/uploads\/2016\/06\/DSC06016.jpg\"><img loading=\"lazy\" decoding=\"async\" class=\"size-large wp-image-826\" src=\"http:\/\/www.reisenblog.ch\/blog\/wp-content\/uploads\/2016\/06\/DSC06016-1024x683.jpg\" alt=\"M\u00e4rwiler Riet (M\u00e4rwil, Thurgau): Abendd\u00e4mmerung\" width=\"840\" height=\"560\" srcset=\"https:\/\/www.reisenblog.ch\/blog\/wp-content\/uploads\/2016\/06\/DSC06016-1024x683.jpg 1024w, https:\/\/www.reisenblog.ch\/blog\/wp-content\/uploads\/2016\/06\/DSC06016-300x200.jpg 300w, https:\/\/www.reisenblog.ch\/blog\/wp-content\/uploads\/2016\/06\/DSC06016-768x512.jpg 768w, https:\/\/www.reisenblog.ch\/blog\/wp-content\/uploads\/2016\/06\/DSC06016-600x400.jpg 600w, https:\/\/www.reisenblog.ch\/blog\/wp-content\/uploads\/2016\/06\/DSC06016-1200x800.jpg 1200w\" sizes=\"(max-width: 709px) 85vw, (max-width: 909px) 67vw, (max-width: 1362px) 62vw, 840px\" \/><\/a><figcaption id=\"caption-attachment-826\" class=\"wp-caption-text\">M\u00e4rwiler Riet (M\u00e4rwil, Thurgau): Abendd\u00e4mmerung<\/figcaption><\/figure>\n<figure id=\"attachment_827\" aria-describedby=\"caption-attachment-827\" style=\"width: 840px\" class=\"wp-caption alignnone\"><a href=\"http:\/\/www.reisenblog.ch\/blog\/wp-content\/uploads\/2016\/06\/DSC06039.jpg\"><img loading=\"lazy\" decoding=\"async\" class=\"size-large wp-image-827\" src=\"http:\/\/www.reisenblog.ch\/blog\/wp-content\/uploads\/2016\/06\/DSC06039-1024x683.jpg\" alt=\"M\u00e4rwiler Riet (M\u00e4rwil, Thurgau): Enten im Naturschutzgebiet\" width=\"840\" height=\"560\" srcset=\"https:\/\/www.reisenblog.ch\/blog\/wp-content\/uploads\/2016\/06\/DSC06039-1024x683.jpg 1024w, https:\/\/www.reisenblog.ch\/blog\/wp-content\/uploads\/2016\/06\/DSC06039-300x200.jpg 300w, https:\/\/www.reisenblog.ch\/blog\/wp-content\/uploads\/2016\/06\/DSC06039-768x512.jpg 768w, https:\/\/www.reisenblog.ch\/blog\/wp-content\/uploads\/2016\/06\/DSC06039-600x400.jpg 600w, https:\/\/www.reisenblog.ch\/blog\/wp-content\/uploads\/2016\/06\/DSC06039-1200x800.jpg 1200w\" sizes=\"(max-width: 709px) 85vw, (max-width: 909px) 67vw, (max-width: 1362px) 62vw, 840px\" \/><\/a><figcaption id=\"caption-attachment-827\" class=\"wp-caption-text\">M\u00e4rwiler Riet (M\u00e4rwil, Thurgau): Enten im Naturschutzgebiet<\/figcaption><\/figure>\n<figure id=\"attachment_828\" aria-describedby=\"caption-attachment-828\" style=\"width: 840px\" class=\"wp-caption alignnone\"><a href=\"http:\/\/www.reisenblog.ch\/blog\/wp-content\/uploads\/2016\/06\/DSC06050.jpg\"><img loading=\"lazy\" decoding=\"async\" class=\"size-large wp-image-828\" src=\"http:\/\/www.reisenblog.ch\/blog\/wp-content\/uploads\/2016\/06\/DSC06050-1024x683.jpg\" alt=\"M\u00e4rwiler Riet (M\u00e4rwil, Thurgau): Enten im Naturschutzgebiet\" width=\"840\" height=\"560\" srcset=\"https:\/\/www.reisenblog.ch\/blog\/wp-content\/uploads\/2016\/06\/DSC06050-1024x683.jpg 1024w, https:\/\/www.reisenblog.ch\/blog\/wp-content\/uploads\/2016\/06\/DSC06050-300x200.jpg 300w, https:\/\/www.reisenblog.ch\/blog\/wp-content\/uploads\/2016\/06\/DSC06050-768x512.jpg 768w, https:\/\/www.reisenblog.ch\/blog\/wp-content\/uploads\/2016\/06\/DSC06050-600x400.jpg 600w, https:\/\/www.reisenblog.ch\/blog\/wp-content\/uploads\/2016\/06\/DSC06050-1200x800.jpg 1200w\" sizes=\"(max-width: 709px) 85vw, (max-width: 909px) 67vw, (max-width: 1362px) 62vw, 840px\" \/><\/a><figcaption id=\"caption-attachment-828\" class=\"wp-caption-text\">M\u00e4rwiler Riet (M\u00e4rwil, Thurgau): Enten im Naturschutzgebiet<\/figcaption><\/figure>\n<figure id=\"attachment_829\" aria-describedby=\"caption-attachment-829\" style=\"width: 840px\" class=\"wp-caption alignnone\"><a href=\"http:\/\/www.reisenblog.ch\/blog\/wp-content\/uploads\/2016\/06\/DSC06053.jpg\"><img loading=\"lazy\" decoding=\"async\" class=\"size-large wp-image-829\" src=\"http:\/\/www.reisenblog.ch\/blog\/wp-content\/uploads\/2016\/06\/DSC06053-1024x683.jpg\" alt=\"M\u00e4rwiler Riet (M\u00e4rwil, Thurgau): der Steg am Weiher, ein beliebtes Fotoobjekt im Naturschutzgebiet\" width=\"840\" height=\"560\" srcset=\"https:\/\/www.reisenblog.ch\/blog\/wp-content\/uploads\/2016\/06\/DSC06053-1024x683.jpg 1024w, https:\/\/www.reisenblog.ch\/blog\/wp-content\/uploads\/2016\/06\/DSC06053-300x200.jpg 300w, https:\/\/www.reisenblog.ch\/blog\/wp-content\/uploads\/2016\/06\/DSC06053-768x512.jpg 768w, https:\/\/www.reisenblog.ch\/blog\/wp-content\/uploads\/2016\/06\/DSC06053-600x400.jpg 600w, https:\/\/www.reisenblog.ch\/blog\/wp-content\/uploads\/2016\/06\/DSC06053-1200x800.jpg 1200w\" sizes=\"(max-width: 709px) 85vw, (max-width: 909px) 67vw, (max-width: 1362px) 62vw, 840px\" \/><\/a><figcaption id=\"caption-attachment-829\" class=\"wp-caption-text\">M\u00e4rwiler Riet (M\u00e4rwil, Thurgau): der Steg am Weiher, ein beliebtes Fotoobjekt im Naturschutzgebiet<\/figcaption><\/figure>\n<figure id=\"attachment_830\" aria-describedby=\"caption-attachment-830\" style=\"width: 840px\" class=\"wp-caption alignnone\"><a href=\"http:\/\/www.reisenblog.ch\/blog\/wp-content\/uploads\/2016\/06\/DSC06059.jpg\"><img loading=\"lazy\" decoding=\"async\" class=\"size-large wp-image-830\" src=\"http:\/\/www.reisenblog.ch\/blog\/wp-content\/uploads\/2016\/06\/DSC06059-1024x683.jpg\" alt=\"M\u00e4rwiler Riet (M\u00e4rwil, Thurgau): der Steg am Weiher, ein beliebtes Fotoobjekt im Naturschutzgebiet\" width=\"840\" height=\"560\" srcset=\"https:\/\/www.reisenblog.ch\/blog\/wp-content\/uploads\/2016\/06\/DSC06059-1024x683.jpg 1024w, https:\/\/www.reisenblog.ch\/blog\/wp-content\/uploads\/2016\/06\/DSC06059-300x200.jpg 300w, https:\/\/www.reisenblog.ch\/blog\/wp-content\/uploads\/2016\/06\/DSC06059-768x512.jpg 768w, https:\/\/www.reisenblog.ch\/blog\/wp-content\/uploads\/2016\/06\/DSC06059-600x400.jpg 600w, https:\/\/www.reisenblog.ch\/blog\/wp-content\/uploads\/2016\/06\/DSC06059-1200x800.jpg 1200w\" sizes=\"(max-width: 709px) 85vw, (max-width: 909px) 67vw, (max-width: 1362px) 62vw, 840px\" \/><\/a><figcaption id=\"caption-attachment-830\" class=\"wp-caption-text\">M\u00e4rwiler Riet (M\u00e4rwil, Thurgau): der Steg am Weiher, ein beliebtes Fotoobjekt im Naturschutzgebiet<\/figcaption><\/figure>\n<figure id=\"attachment_831\" aria-describedby=\"caption-attachment-831\" style=\"width: 840px\" class=\"wp-caption alignnone\"><a href=\"http:\/\/www.reisenblog.ch\/blog\/wp-content\/uploads\/2016\/06\/DSC06064.jpg\"><img loading=\"lazy\" decoding=\"async\" class=\"size-large wp-image-831\" src=\"http:\/\/www.reisenblog.ch\/blog\/wp-content\/uploads\/2016\/06\/DSC06064-1024x683.jpg\" alt=\"M\u00e4rwiler Riet (M\u00e4rwil, Thurgau): Abendd\u00e4mmerung\" width=\"840\" height=\"560\" srcset=\"https:\/\/www.reisenblog.ch\/blog\/wp-content\/uploads\/2016\/06\/DSC06064-1024x683.jpg 1024w, https:\/\/www.reisenblog.ch\/blog\/wp-content\/uploads\/2016\/06\/DSC06064-300x200.jpg 300w, https:\/\/www.reisenblog.ch\/blog\/wp-content\/uploads\/2016\/06\/DSC06064-768x512.jpg 768w, https:\/\/www.reisenblog.ch\/blog\/wp-content\/uploads\/2016\/06\/DSC06064-600x400.jpg 600w, https:\/\/www.reisenblog.ch\/blog\/wp-content\/uploads\/2016\/06\/DSC06064-1200x800.jpg 1200w\" sizes=\"(max-width: 709px) 85vw, (max-width: 909px) 67vw, (max-width: 1362px) 62vw, 840px\" \/><\/a><figcaption id=\"caption-attachment-831\" class=\"wp-caption-text\">M\u00e4rwiler Riet (M\u00e4rwil, Thurgau): Abendd\u00e4mmerung<\/figcaption><\/figure>\n<figure id=\"attachment_832\" aria-describedby=\"caption-attachment-832\" style=\"width: 840px\" class=\"wp-caption alignnone\"><a href=\"http:\/\/www.reisenblog.ch\/blog\/wp-content\/uploads\/2016\/06\/DSC06070.jpg\"><img loading=\"lazy\" decoding=\"async\" class=\"size-large wp-image-832\" src=\"http:\/\/www.reisenblog.ch\/blog\/wp-content\/uploads\/2016\/06\/DSC06070-1024x683.jpg\" alt=\"M\u00e4rwiler Riet (M\u00e4rwil, Thurgau): Abendd\u00e4mmerung\" width=\"840\" height=\"560\" srcset=\"https:\/\/www.reisenblog.ch\/blog\/wp-content\/uploads\/2016\/06\/DSC06070-1024x683.jpg 1024w, https:\/\/www.reisenblog.ch\/blog\/wp-content\/uploads\/2016\/06\/DSC06070-300x200.jpg 300w, https:\/\/www.reisenblog.ch\/blog\/wp-content\/uploads\/2016\/06\/DSC06070-768x512.jpg 768w, https:\/\/www.reisenblog.ch\/blog\/wp-content\/uploads\/2016\/06\/DSC06070-600x400.jpg 600w, https:\/\/www.reisenblog.ch\/blog\/wp-content\/uploads\/2016\/06\/DSC06070-1200x800.jpg 1200w\" sizes=\"(max-width: 709px) 85vw, (max-width: 909px) 67vw, (max-width: 1362px) 62vw, 840px\" \/><\/a><figcaption id=\"caption-attachment-832\" class=\"wp-caption-text\">M\u00e4rwiler Riet (M\u00e4rwil, Thurgau): Abendd\u00e4mmerung<\/figcaption><\/figure>\n","protected":false},"excerpt":{"rendered":"<p>Naja, eigentlich einfach ein Abendspaziergang am Dorfrand beim M\u00e4rwiler Riet, aber ich finde die Fotos (so) sch\u00f6n, dass ich diese gerne f\u00fcr private Zwecke freigebe auch wenn der T\u00fcmpel f\u00fcr mich ja nicht mehr was Neues ist, bin fast t\u00e4glich hier, aber die Abendd\u00e4mmerung heute abend hat einen mystischen Touch, oder so&#8230; ;o)<\/p>\n","protected":false},"author":1,"featured_media":829,"comment_status":"open","ping_status":"open","sticky":false,"template":"","format":"standard","meta":{"ngg_post_thumbnail":0,"footnotes":""},"categories":[72],"tags":[14,282,32,84,35,15,10,33,34],"class_list":["post-820","post","type-post","status-publish","format-standard","has-post-thumbnail","hentry","category-photowalks","tag-bilder","tag-kanton-thurgau","tag-maerwil","tag-natur","tag-naturschutzgebiet","tag-photos","tag-schweiz","tag-thurgau","tag-weiher"],"aioseo_notices":[],"_links":{"self":[{"href":"https:\/\/www.reisenblog.ch\/blog\/wp-json\/wp\/v2\/posts\/820","targetHints":{"allow":["GET"]}}],"collection":[{"href":"https:\/\/www.reisenblog.ch\/blog\/wp-json\/wp\/v2\/posts"}],"about":[{"href":"https:\/\/www.reisenblog.ch\/blog\/wp-json\/wp\/v2\/types\/post"}],"author":[{"embeddable":true,"href":"https:\/\/www.reisenblog.ch\/blog\/wp-json\/wp\/v2\/users\/1"}],"replies":[{"embeddable":true,"href":"https:\/\/www.reisenblog.ch\/blog\/wp-json\/wp\/v2\/comments?post=820"}],"version-history":[{"count":2,"href":"https:\/\/www.reisenblog.ch\/blog\/wp-json\/wp\/v2\/posts\/820\/revisions"}],"predecessor-version":[{"id":843,"href":"https:\/\/www.reisenblog.ch\/blog\/wp-json\/wp\/v2\/posts\/820\/revisions\/843"}],"wp:featuredmedia":[{"embeddable":true,"href":"https:\/\/www.reisenblog.ch\/blog\/wp-json\/wp\/v2\/media\/829"}],"wp:attachment":[{"href":"https:\/\/www.reisenblog.ch\/blog\/wp-json\/wp\/v2\/media?parent=820"}],"wp:term":[{"taxonomy":"category","embeddable":true,"href":"https:\/\/www.reisenblog.ch\/blog\/wp-json\/wp\/v2\/categories?post=820"},{"taxonomy":"post_tag","embeddable":true,"href":"https:\/\/www.reisenblog.ch\/blog\/wp-json\/wp\/v2\/tags?post=820"}],"curies":[{"name":"wp","href":"https:\/\/api.w.org\/{rel}","templated":true}]}}