{"id":846,"date":"2016-08-25T10:28:57","date_gmt":"2016-08-25T09:28:57","guid":{"rendered":"http:\/\/www.reisenblog.ch\/blog\/?p=846"},"modified":"2018-07-30T15:29:20","modified_gmt":"2018-07-30T14:29:20","slug":"in-der-natur-fuehlen-wir-uns-so-wohl-weil-sie-kein-urteil-ueber-uns-hat","status":"publish","type":"post","link":"https:\/\/www.reisenblog.ch\/blog\/photowalks\/in-der-natur-fuehlen-wir-uns-so-wohl-weil-sie-kein-urteil-ueber-uns-hat\/","title":{"rendered":"In der Natur f\u00fchlen wir uns so wohl, weil sie kein Urteil \u00fcber uns hat."},"content":{"rendered":"<p>&#8222;In der Natur f\u00fchlen wir uns so wohl, weil sie kein Urteil \u00fcber uns hat.&#8220; (Friedrich Nietzsche)<br \/>\n<!--more--><br \/>\nDas Foto habe ich mit dem Smartphone gemacht, an einem Spaziergang im <a href=\"http:\/\/www.reisenblog.ch\/blog\/thema\/thurgau\/\">Thurgau<\/a>.<br \/>\nIch gebe alle meine Rechte an diesem Foto ab, schenke es der Welt :o)<br \/>\n<strong>Download<\/strong> <a href=\"http:\/\/www.reisenblog.ch\/blog\/wp-content\/uploads\/2016\/08\/CqomRq0WcAAxhA0.jpg\">Originalfoto: CC0, Public Domain<\/a> (2048&#215;1420 Pixel, 310kb)<\/p>\n<blockquote class=\"twitter-tweet\" data-lang=\"de\">\n<p lang=\"de\" dir=\"ltr\">&quot;In der Natur f\u00fchlen wir uns so wohl, weil sie kein Urteil \u00fcber uns hat.&quot;<br \/>(Friedrich Nietzsche) <a href=\"https:\/\/t.co\/Bb9Hm95Ahm\">pic.twitter.com\/Bb9Hm95Ahm<\/a><\/p>\n<p>&mdash; Roman (@reisetweets) <a href=\"https:\/\/twitter.com\/reisetweets\/status\/768468790875160576\">24. August 2016<\/a><\/p><\/blockquote>\n<p><script async src=\"\/\/platform.twitter.com\/widgets.js\" charset=\"utf-8\"><\/script><\/p>\n","protected":false},"excerpt":{"rendered":"<p>&#8222;In der Natur f\u00fchlen wir uns so wohl, weil sie kein Urteil \u00fcber uns hat.&#8220; (Friedrich Nietzsche)<\/p>\n","protected":false},"author":1,"featured_media":848,"comment_status":"open","ping_status":"open","sticky":false,"template":"","format":"standard","meta":{"ngg_post_thumbnail":0,"footnotes":""},"categories":[72],"tags":[81,75,282,84,97,73,76,10,96,33],"class_list":["post-846","post","type-post","status-publish","format-standard","has-post-thumbnail","hentry","category-photowalks","tag-blumen","tag-cc0","tag-kanton-thurgau","tag-natur","tag-nietzsche","tag-photo","tag-public-domain","tag-schweiz","tag-spruch","tag-thurgau"],"aioseo_notices":[],"_links":{"self":[{"href":"https:\/\/www.reisenblog.ch\/blog\/wp-json\/wp\/v2\/posts\/846","targetHints":{"allow":["GET"]}}],"collection":[{"href":"https:\/\/www.reisenblog.ch\/blog\/wp-json\/wp\/v2\/posts"}],"about":[{"href":"https:\/\/www.reisenblog.ch\/blog\/wp-json\/wp\/v2\/types\/post"}],"author":[{"embeddable":true,"href":"https:\/\/www.reisenblog.ch\/blog\/wp-json\/wp\/v2\/users\/1"}],"replies":[{"embeddable":true,"href":"https:\/\/www.reisenblog.ch\/blog\/wp-json\/wp\/v2\/comments?post=846"}],"version-history":[{"count":3,"href":"https:\/\/www.reisenblog.ch\/blog\/wp-json\/wp\/v2\/posts\/846\/revisions"}],"predecessor-version":[{"id":850,"href":"https:\/\/www.reisenblog.ch\/blog\/wp-json\/wp\/v2\/posts\/846\/revisions\/850"}],"wp:featuredmedia":[{"embeddable":true,"href":"https:\/\/www.reisenblog.ch\/blog\/wp-json\/wp\/v2\/media\/848"}],"wp:attachment":[{"href":"https:\/\/www.reisenblog.ch\/blog\/wp-json\/wp\/v2\/media?parent=846"}],"wp:term":[{"taxonomy":"category","embeddable":true,"href":"https:\/\/www.reisenblog.ch\/blog\/wp-json\/wp\/v2\/categories?post=846"},{"taxonomy":"post_tag","embeddable":true,"href":"https:\/\/www.reisenblog.ch\/blog\/wp-json\/wp\/v2\/tags?post=846"}],"curies":[{"name":"wp","href":"https:\/\/api.w.org\/{rel}","templated":true}]}}